{"id":509,"date":"2011-12-04T11:42:16","date_gmt":"2011-12-04T11:42:16","guid":{"rendered":"http:\/\/www.pyykko.fi\/?p=509"},"modified":"2011-12-04T12:48:18","modified_gmt":"2011-12-04T12:48:18","slug":"sigfred-pykoin","status":"publish","type":"post","link":"http:\/\/www.pyykko.fi\/?p=509","title":{"rendered":"Sigfred Pyk\u00f6in"},"content":{"rendered":"<p>Sigfredin nimi lienee suomeksi ollut Sippo tai Sipo. H\u00e4n oli kuolintietojen perusteella syntynyt n. 1645 ja h\u00e4n kuoli 29.9.1735 Viekiss\u00e4 90 vuotiaana. Kovin luotettavia eiv\u00e4t nuo kuolini\u00e4t varhaisissa rippikirjoissa ole mutta h\u00e4n muutti 1668 <a href=\"http:\/\/fi.wikipedia.org\/wiki\/Ruptuurisota\">ruptuurisodan<\/a> j\u00e4lkeen Nurmeksesta Viekiin. Joten aika l\u00e4hell\u00e4 tuo kuolinik\u00e4 joka tapauksessa on. Sippo mainitaan ensimm\u00e4isen kerran Viekiss\u00e4 Turulan tilalla nro:13 tilattomana 1668 ja 1670 alkaen tilallisena. Kyseinen tila on Jehki Simananpoika Hilosen perustama v. 1618, ennen Sippoa tilan omisti Karppa Jehkinpoika Hilonen vuoteen 1656. Tila tyhjentyi asuttajistaan ruptuurisodan (1656-61) seurauksena. Sipon sukunimi oli alunperin Pyyk\u00f6nen, Pyyk\u00f6ksi tuo muuttui h\u00e4nen j\u00e4lkel\u00e4isill\u00e4\u00e4n n. 1750.<\/p>\n<p>H\u00e4nest\u00e4 l\u00f6ytyy muutama, tuomikirja alla niist\u00e4 4. 1705 tied\u00e4n h\u00e4nen k\u00e4yneen oikeutta kun toinen henkil\u00f6 tuli h\u00e4nen pyk\u00e4lt\u00e4m\u00e4lleen kaskimaalle Kolmisopen alueella. Alue kuulunee nykyisin Ruosman kyl\u00e4\u00e4n. Riita tuomittiin niin ett\u00e4 sato meni puoliksi molempien osallisten kanssa. Asiasta l\u00f6ytyy maininta Veijo Saloheimon kirjasta Pielisj\u00e4rven historia.<\/p>\n<p>Tuomiokirjoista ja niiden hausta l\u00f6ytyy tietoa K\u00e4kisalmen tuomiokirjat linkist\u00e4. <a title=\"http:\/\/www.narc.fi\/Arkistolaitos\/tma\/kaki\/ttsl\/ttsl144.htm\" href=\"http:\/\/www.narc.fi\/Arkistolaitos\/tma\/kaki\/ttsl\/ttsl144.htm\" rel=\"nofollow\">http:\/\/www.narc.fi\/Arkistolaitos\/tma\/kaki\/ttsl\/ttsl144.htm<\/a><\/p>\n<p>Kyseisess\u00e4 linkist\u00e4 k\u00e4y hyvin ilmi miten monessa eri muodossa, on Pyyk\u00f6n\/Pyyk\u00f6nen nime\u00e4 eri aikoina kirjoitettu. Kaikki Viekiin, YliViekiin ja \u201dSigfred\u201d:iin liittyv\u00e4t tuomiokirjat koskevat samaa henkil\u00f6\u00e4, etu- ja sukunimen muoto vaihtelee.<\/p>\n<p>Sippo asutti tilaa vuoteen 1728, Turulan tilan uudeksi omistajaksi tuli Iisakki Turunen. Syyt\u00e4 miksi Sippo siirtyi tilalta Pyykk\u00f6l\u00e4n vaaraan (joka my\u00f6skin on aluperin ortodoksien perustama v 1637, Vasila Perttunen), emme viel\u00e4 tied\u00e4, ik\u00e4kin lienee jo painanut tuolloin. H\u00e4nen poikansa Matti s. 1707 oli tuolloin 21 v.<\/p>\n<p>Matti muutti Pyykk\u00f6l\u00e4n vaaralle tilalle nro 6, Matti kuoli 7.9.1741 ja h\u00e4nen kuolemansa ajoittuu Pikku-vihaan 1741-43, kuolinsyyt\u00e4 ei viel\u00e4 tiedet\u00e4. Matin puoliso Margareta M\u00e4\u00e4tt\u00e4nen meni Matin kuoleman j\u00e4lkeen naimisiin Pekka Valliuksen kanssa ja muutti Juuan Vuokkoon. Matin poika Antti muutti mukana ja h\u00e4nest\u00e4 tuli kotiv\u00e4vy Pekan taloon.<\/p>\n<p>Pyykk\u00f6l\u00e4n vaaran tila oli 1744 Matti Tuppuraisella, jonka j\u00e4lkeen tilalla jatkoi Heikin s. 1679 kuoli 20.11.1729, poika Heikki 1745-1800.<\/p>\n<p>Sipon lapsista Olli perheineen katoaa jonnekin, h\u00e4n joko kuoli tai muutti muualle ison-vihan aikana tai sit\u00e4 ennen.<\/p>\n<p>Varmaa todistetta Sipon kaikista lapsista meill\u00e4 ei ole, isoviha 1713-1721 aiheutti osaltaan tietojen katoamisen. Ep\u00e4ilen Sipolla olleen 2 puolisoa joista ensimm\u00e4inen lapsia olisivat Paavo, Olli ja Susanna. Toisen puolison lapsi olisi Matti<!--more--><\/p>\n<p>&nbsp;<\/p>\n<p><a href=\"http:\/\/www.pyykko.fi\/wp-content\/uploads\/2011\/12\/sigfred1.jpg\"><img loading=\"lazy\" decoding=\"async\" class=\"alignleft size-full wp-image-492\" title=\"sigfred1\" src=\"http:\/\/www.pyykko.fi\/wp-content\/uploads\/2011\/12\/sigfred1.jpg\" alt=\"\" width=\"744\" height=\"233\" \/><\/a><\/p>\n<p>&nbsp;<\/p>\n<p>&nbsp;<\/p>\n<p>&nbsp;<\/p>\n<p>&nbsp;<\/p>\n<p>&nbsp;<\/p>\n<p>&nbsp;<\/p>\n<p>&nbsp;<\/p>\n<p>F\u00e4ltes Matz Sastamoin i Yliwiekj till 3 marker f\u00f6r swars l\u00f6sa emot Sigfredh Pyyk\u00f6in om dett han skulle hafwa hans Pyk\u00f6lick\u00f6 huggit och een skiella som haar denne Pyyk\u00f6s h\u00e4st om halsen hengt, <em><\/em>, och hendrich Aahlholm sadhe sigh bewisa stemdt hafwa.<\/p>\n<p>Yl\u00e4viekist\u00e4 olevalle Matz Sastamoiselle langetettiin maksettavaksi 3 markkaa sakkoa siit\u00e4, ett\u00e4 t\u00e4m\u00e4 oli Sigfredh Pyyk\u00f6n (Pyyk\u00f6in) haasteen saatuaan j\u00e4tt\u00e4nyt tulematta k\u00e4r\u00e4jille vastaamaan siit\u00e4, ett\u00e4 h\u00e4n oli mahdollisesti hakannut Sigfred Pyyk\u00f6n Pyk\u00e4lik\u00f6n ja (ottanut) kellon, joka on ollut Pyyk\u00f6n hevosen kaulassa. Hendrich Aalholm sanoi todistavansa t\u00e4m\u00e4n paikkansa pit\u00e4v\u00e4ksi.<\/p>\n<p><a href=\"http:\/\/www.pyykko.fi\/wp-content\/uploads\/2011\/12\/sigfred2.jpg\"><img loading=\"lazy\" decoding=\"async\" class=\"alignleft size-full wp-image-493\" title=\"sigfred2\" src=\"http:\/\/www.pyykko.fi\/wp-content\/uploads\/2011\/12\/sigfred2.jpg\" alt=\"\" width=\"729\" height=\"313\" srcset=\"http:\/\/www.pyykko.fi\/wp-content\/uploads\/2011\/12\/sigfred2.jpg 729w, http:\/\/www.pyykko.fi\/wp-content\/uploads\/2011\/12\/sigfred2-300x128.jpg 300w\" sizes=\"auto, (max-width: 729px) 100vw, 729px\" \/><\/a><\/p>\n<p>&nbsp;<\/p>\n<p>&nbsp;<\/p>\n<p>&nbsp;<\/p>\n<p>&nbsp;<\/p>\n<p>&nbsp;<\/p>\n<p>&nbsp;<\/p>\n<p>&nbsp;<\/p>\n<p>&nbsp;<\/p>\n<p>&nbsp;<\/p>\n<p>&nbsp;<\/p>\n<p>&nbsp;<\/p>\n<p>Alldenstund P\u00e5hl Safwolain i Yliwieckj haar sigh till-\u00e4gnat och nederhuggit Sigfredh Pyyk\u00f6s ibm Pykulick\u00f6 till 1 ta Landh Vungef\u00e4hr, som han sielf tillst\u00e5r och f\u00f6re- b\u00e4r sigh eij hafwa wist att dett n\u00e5gon Pyk\u00f6lick\u00f6 wara skulle. Dy f\u00e4ltes han till 9 marker Lijkm\u00e4tigt dett 41 Cap: i Byg: B:L.L: och afasades att han med samma Swidie till denne Pyk\u00f6lick\u00f6 afst\u00e5r och sigh eij wijdare d\u00e4rmedh befattar.<\/p>\n<p>Koska Yliviekist\u00e4 oleva P\u00e5hl Safvolain on itselleen anastanut ja hakannut samoin Yl\u00e4viekist\u00e4 olevan Sigfredh Pyyk\u00f6n Pyk\u00e4lik\u00f6n suunnilleen 1 tynnyrinalan Maahan saakka, jonka h\u00e4n itse tunnustaa ja sanoo syyn siihen olleen, ettei ole tiennyt, ett\u00e4 olisi olemassakaan mit\u00e4\u00e4n Pyk\u00e4likk\u00f6\u00e4. Niinp\u00e4 h\u00e4nelle langetettiin maksettavaksi 9 markkaa Maanlain Rakennus Kaaren Luvun 41 mukaisesti ja julistettiin tuomiona, ett\u00e4 h\u00e4n luopuu t\u00e4st\u00e4 samasta Kaskesta eik\u00e4 en\u00e4\u00e4 k\u00e4y siihen k\u00e4siksi mill\u00e4\u00e4n tavalla.<\/p>\n<p>&nbsp;<\/p>\n<p><a href=\"http:\/\/www.pyykko.fi\/wp-content\/uploads\/2011\/12\/sigfred3.jpg\"><img loading=\"lazy\" decoding=\"async\" class=\"alignleft size-full wp-image-494\" title=\"sigfred3\" src=\"http:\/\/www.pyykko.fi\/wp-content\/uploads\/2011\/12\/sigfred3.jpg\" alt=\"\" width=\"712\" height=\"540\" srcset=\"http:\/\/www.pyykko.fi\/wp-content\/uploads\/2011\/12\/sigfred3.jpg 712w, http:\/\/www.pyykko.fi\/wp-content\/uploads\/2011\/12\/sigfred3-300x227.jpg 300w\" sizes=\"auto, (max-width: 712px) 100vw, 712px\" \/><\/a><\/p>\n<p>&nbsp;<\/p>\n<p>&nbsp;<\/p>\n<p>&nbsp;<\/p>\n<p>&nbsp;<\/p>\n<p>&nbsp;<\/p>\n<p>&nbsp;<\/p>\n<p>&nbsp;<\/p>\n<p>&nbsp;<\/p>\n<p>&nbsp;<\/p>\n<p>&nbsp;<\/p>\n<p>&nbsp;<\/p>\n<p>&nbsp;<\/p>\n<p>&nbsp;<\/p>\n<p>&nbsp;<\/p>\n<p>&nbsp;<\/p>\n<p>&nbsp;<\/p>\n<p>&nbsp;<\/p>\n<p>&nbsp;<\/p>\n<p>Kyrkiones S\u00e4xman Sigfred Pykoin i Ylim\u00e4gj beklagade sig \u00f6fwer Johan Laukoin ibm det han p\u00e5 honom osanning uthsppridt som hade han gifuit Capellanen Herr Marco Wendalis den walmars Kiorttel hwill-ken han af en d\u00f6\u00f6dh tiggiare skall afkl\u00e4tt och sig tillw\u00e4llatt, p\u00e5st\u00e5endes han det han m\u00e5tte s\u00e5dant antingen bewijsa eller och f\u00f6r denne honom tillagde beskyllning lagligen Plichta. Lakonen sade att han af andres tahl s\u00e5dant f\u00f6rnummit, men kunde nu ingen nampngifua, eij heller p\u00e5 n\u00e5got s\u00e4tt detta<\/p>\n<p>Ylim\u00e4est\u00e4 (Ylim\u00e4gj) kotoisin oleva Kirkon Kuudennusmies Sippo Pyykk\u00f6 (Sigfred Pykoin) valitti samoin Y:st\u00e4 kotoisin olevasta Jussi Laukkasesta (Johan Laukoin), ett\u00e4 t\u00e4m\u00e4 on levitt\u00e4nyt h\u00e4nest\u00e4 per\u00e4t\u00f6nt\u00e4 tietoa, ett\u00e4 h\u00e4n muka olisi antanut Kappalainen, Herra Marco Wendalikselle sarkakankaisen hameen, jonka h\u00e4n (SP) on muka riisunut kuolleelta kerj\u00e4l\u00e4iselt\u00e4 ja anastanut itselleen. Pyykk\u00f6 vaati, ett\u00e4 Laukkasen on t\u00e4llainen v\u00e4ite joko osoitettava todeksi tai my\u00f6s, ett\u00e4 Laukkanen on t\u00e4llaisesta h\u00e4neen kohdistuneesta syyt\u00f6ksest\u00e4 laillisesti pantava maksamaan Sakkoa. Laukkanen sanoi, ett\u00e4 h\u00e4n on t\u00e4llaista saanut tiet\u00e4\u00e4 toisten puheista, mutta ett\u00e4 h\u00e4n nyt ei voinut mainita ket\u00e4\u00e4n nimelt\u00e4, ei my\u00f6sk\u00e4\u00e4n mill\u00e4\u00e4n tavalla t\u00e4t\u00e4\u2026<\/p>\n<p>&nbsp;<\/p>\n<p><a href=\"http:\/\/www.pyykko.fi\/wp-content\/uploads\/2011\/12\/sigfred4.jpg\"><img loading=\"lazy\" decoding=\"async\" class=\"alignleft size-full wp-image-495\" title=\"sigfred4\" src=\"http:\/\/www.pyykko.fi\/wp-content\/uploads\/2011\/12\/sigfred4.jpg\" alt=\"\" width=\"696\" height=\"289\" srcset=\"http:\/\/www.pyykko.fi\/wp-content\/uploads\/2011\/12\/sigfred4.jpg 696w, http:\/\/www.pyykko.fi\/wp-content\/uploads\/2011\/12\/sigfred4-300x124.jpg 300w\" sizes=\"auto, (max-width: 696px) 100vw, 696px\" \/><\/a><\/p>\n<p>&nbsp;<\/p>\n<p>&nbsp;<\/p>\n<p>&nbsp;<\/p>\n<p>&nbsp;<\/p>\n<p>&nbsp;<\/p>\n<p>&nbsp;<\/p>\n<p>&nbsp;<\/p>\n<p>&nbsp;<\/p>\n<p>&nbsp;<\/p>\n<p>&nbsp;<\/p>\n<p>T\u00e4m\u00e4n k\u00e4\u00e4nn\u00f6s puuttuu<\/p>\n","protected":false},"excerpt":{"rendered":"<p>Sigfredin nimi lienee suomeksi ollut Sippo tai Sipo. H\u00e4n oli kuolintietojen perusteella syntynyt n. 1645 ja h\u00e4n kuoli 29.9.1735 Viekiss\u00e4 90 vuotiaana. Kovin luotettavia eiv\u00e4t nuo kuolini\u00e4t varhaisissa rippikirjoissa ole mutta h\u00e4n muutti 1668 ruptuurisodan j\u00e4lkeen Nurmeksesta Viekiin. Joten aika l\u00e4hell\u00e4 tuo kuolinik\u00e4 joka tapauksessa on. Sippo mainitaan ensimm\u00e4isen kerran Viekiss\u00e4 Turulan tilalla nro:13 tilattomana &hellip; <a href=\"http:\/\/www.pyykko.fi\/?p=509\" class=\"more-link\">Jatka artikkeliin <span class=\"screen-reader-text\">Sigfred Pyk\u00f6in<\/span><\/a><\/p>\n","protected":false},"author":3,"featured_media":0,"comment_status":"closed","ping_status":"closed","sticky":false,"template":"","format":"standard","meta":{"footnotes":""},"categories":[12],"tags":[],"class_list":["post-509","post","type-post","status-publish","format-standard","hentry","category-dokumentit"],"_links":{"self":[{"href":"http:\/\/www.pyykko.fi\/index.php?rest_route=\/wp\/v2\/posts\/509","targetHints":{"allow":["GET"]}}],"collection":[{"href":"http:\/\/www.pyykko.fi\/index.php?rest_route=\/wp\/v2\/posts"}],"about":[{"href":"http:\/\/www.pyykko.fi\/index.php?rest_route=\/wp\/v2\/types\/post"}],"author":[{"embeddable":true,"href":"http:\/\/www.pyykko.fi\/index.php?rest_route=\/wp\/v2\/users\/3"}],"replies":[{"embeddable":true,"href":"http:\/\/www.pyykko.fi\/index.php?rest_route=%2Fwp%2Fv2%2Fcomments&post=509"}],"version-history":[{"count":23,"href":"http:\/\/www.pyykko.fi\/index.php?rest_route=\/wp\/v2\/posts\/509\/revisions"}],"predecessor-version":[{"id":511,"href":"http:\/\/www.pyykko.fi\/index.php?rest_route=\/wp\/v2\/posts\/509\/revisions\/511"}],"wp:attachment":[{"href":"http:\/\/www.pyykko.fi\/index.php?rest_route=%2Fwp%2Fv2%2Fmedia&parent=509"}],"wp:term":[{"taxonomy":"category","embeddable":true,"href":"http:\/\/www.pyykko.fi\/index.php?rest_route=%2Fwp%2Fv2%2Fcategories&post=509"},{"taxonomy":"post_tag","embeddable":true,"href":"http:\/\/www.pyykko.fi\/index.php?rest_route=%2Fwp%2Fv2%2Ftags&post=509"}],"curies":[{"name":"wp","href":"https:\/\/api.w.org\/{rel}","templated":true}]}}